{"id":26,"date":"2024-07-29T17:09:48","date_gmt":"2024-07-29T20:09:48","guid":{"rendered":"http:\/\/rocket88.com.br\/?p=26"},"modified":"2024-07-29T17:34:13","modified_gmt":"2024-07-29T20:34:13","slug":"historia-do-programa-jovem-guarda","status":"publish","type":"post","link":"http:\/\/rocket88.com.br\/index.php\/2024\/07\/29\/historia-do-programa-jovem-guarda\/","title":{"rendered":"Hist\u00f3ria do programa Jovem Guarda"},"content":{"rendered":"\n<p><\/p>\n\n\n\n<div class=\"wp-block-columns is-layout-flex wp-container-3\">\n<div class=\"wp-block-column is-layout-flow\">\n<p>No dia 22\/08\/1965 entrava no ar na TV Record, o programa Jovem Guarda, que faria hist\u00f3ria na TV brasileira. Hoje \u00e9 comum dizer que artistas jovens dos anos 60 eram da \u201cJovem Guarda\u201d. Isso \u00e9 dito at\u00e9 sobre cantores que j\u00e1 tinham uma carreira antes do programa ir ao ar, ou mesmo sobre quem nunca se apresentou no programa.<\/p>\n\n\n\n<p>A Jovem Guarda n\u00e3o nasceu da noite para o dia, o sucesso estrondoso do programa n\u00e3o aconteceria se n\u00e3o fosse a populariza\u00e7\u00e3o do rock no Brasil entre os jovens, caminho que come\u00e7ou a ser trilhado quase dez anos antes do programa ir ao ar.<\/p>\n<\/div>\n\n\n\n<div class=\"wp-block-column is-layout-flow\"><div class=\"wp-block-image\">\n<figure class=\"aligncenter size-full\"><img decoding=\"async\" loading=\"lazy\" width=\"700\" height=\"561\" src=\"http:\/\/rocket88.com.br\/wp-content\/uploads\/2024\/07\/23332184.jpg\" alt=\"\" class=\"wp-image-27\"\/><figcaption class=\"wp-element-caption\">Apresentadores do programa: Roberto Carlos, Wanderl\u00e9a e Erasmo Carlos.<\/figcaption><\/figure><\/div><\/div>\n<\/div>\n\n\n\n<p>Em outubro de 1955 o rock chegava ao Brasil. Na trilha sonora do filme \u201cSemente de Viol\u00eancia\u201d estava a m\u00fasica \u201cRock around the clock\u201d e a cantora de samba can\u00e7\u00e3o Nora Ney fez a primeira grava\u00e7\u00e3o de rock do pa\u00eds, fazendo um cover da m\u00fasica cantando em ingl\u00eas, mas com o t\u00edtulo da m\u00fasica traduzido para \u201cRonda das Horas\u201d. No final de 56 chegava ao Brasil o filme \u201cRock around the clock\u201d tamb\u00e9m com o nome de \u201cRonda das horas\u201d. O musical causou pol\u00eamica e difundiu o novo ritmo entre os jovens. Naquela \u00e9poca as gravadoras estrangeiras muitas vezes n\u00e3o tinha representa\u00e7\u00e3o no Brasil, ent\u00e3o a solu\u00e7\u00e3o era regravar as m\u00fasicas aqui. Covers e vers\u00f5es em portugu\u00eas se tornariam muito frequentes nesses primeiros anos do rock no Brasil, com algumas exce\u00e7\u00f5es, como o primeiro rock em portugu\u00eas gravado por Cauby Peixoto em 1957; a m\u00fasica \u201cRock em roll em Copacabana\u201d, composta por Miguel Gustavo. No mesmo ano, Betinho e seu Conjunto gravam \u201cEnrolando o rock\u201d(Betinho\/Heirto Carrillo) m\u00fasica marcante na hist\u00f3ria do rock brasileiro.<\/p>\n\n\n\n<p>As primeiras grava\u00e7\u00f5es de rock no pa\u00eds eram feitas por cantores de outros g\u00eaneros que eventualmente gravavam rock, ou passavam a se dedicar ao novo g\u00eanero, um deles, Carlos Gonzaga, acabou aderindo ao chamado \u201crock balada\u201d e lan\u00e7ou em 1958, a m\u00fasica que se tornaria o primeiro grande sucesso do rock no Brasil; \u201cDiana\u201d, vers\u00e3o de Fred Jorge para a m\u00fasica de Paul Anka.. No fim dos anos 50 v\u00e1rios jovens come\u00e7avam a se dedicar ao ritmo e surgiram programas de r\u00e1dio dedicados a chamada \u201cm\u00fasica jovem\u201d. Em mar\u00e7o de 1959 Celly Campello lan\u00e7a a m\u00fasica \u201cEst\u00fapido cupido\u201d, vers\u00e3o de Fred Jorge para \u201c<em>Stupid Cupid<\/em>\u201d(Neil Sekada\/Howard Greenfiel). A m\u00fasica fez grande sucesso al\u00e7ando Celly a condi\u00e7\u00e3o de primeira estrela do rock nacional; consequentemente, ela e o irm\u00e3o Tony Campello foram convidados a apresentar ainda em 59, o primeiro programa voltado para os jovens na TV Record, chamado \u201cPrograma para a juventude\u201d. Mais tarde o nome mudaria para \u201cCelly e Tony em Hi-Fi\u201d e depois, \u201cCrush em Hi-Fi\u201d, devido ao patroc\u00ednio do refrigerante Crush. O programa foi exibido at\u00e9 1962.<\/p>\n\n\n\n<div class=\"wp-block-columns is-layout-flex wp-container-6\">\n<div class=\"wp-block-column is-layout-flow\" style=\"flex-basis:66.66%\">\n<p>H\u00e1 bem mais hist\u00f3rias e artistas que poder\u00edamos detalhar nesses primeiros anos do rock no Brasil, como S\u00e9rgio Murilo. Ele e Celly Campello foram eleitos Rei e Rainha do rock em 61, pela \u201cRevista do Rock\u201d, em vota\u00e7\u00e3o feita pelos seus leitores. Tamb\u00e9m merece destaque os artistas da gravadora paulista \u201cYoung\u201d, Baby Santiago e muitos outros, mas isso fica para outras postagens.<\/p>\n<\/div>\n\n\n\n<div class=\"wp-block-column is-layout-flow\" style=\"flex-basis:33.33%\"><div class=\"wp-block-image\">\n<figure class=\"aligncenter size-full\"><img decoding=\"async\" loading=\"lazy\" width=\"241\" height=\"327\" src=\"http:\/\/rocket88.com.br\/wp-content\/uploads\/2024\/07\/revista_do_rock.jpg\" alt=\"\" class=\"wp-image-28\"\/><figcaption class=\"wp-element-caption\">Revista do Rock 1961<\/figcaption><\/figure><\/div><\/div>\n<\/div>\n\n\n\n<h2 class=\"wp-block-heading\">I\u00e9-i\u00e9-i\u00e9<\/h2>\n\n\n\n<p><\/p>\n\n\n\n<div class=\"wp-block-columns is-layout-flex wp-container-9\">\n<div class=\"wp-block-column is-layout-flow\">\n<p>No come\u00e7o dos anos 60, o pa\u00eds j\u00e1 tinha v\u00e1rios cantores e bandas de rock, ou conjuntos, como eram chamados na \u00e9poca. Ap\u00f3s anos seguindo os passos dos pioneiros do rock americano e tamb\u00e9m por cantores pop do fim dos anos 50 e come\u00e7o dos anos 60, o rock nacional, tamb\u00e9m foi influenciado pela beatlemania. Dos refr\u00f5es de <em>She loves you &#8211; \u201cYeah-Yeah-Yeah\u201d<\/em> vem a denomina\u00e7\u00e3o \u201ci\u00e9-i\u00e9-i\u00e9\u201d, e todos os cantores de m\u00fasica jovem passaram a ser chamados de cantores de \u201ci\u00ea-i\u00ea-i\u00ea\u201d. Erasmo Carlos declarou em uma entrevista: \u201cO movimento em si n\u00e3o era Jovem Guarda, a imprensa no futuro \u00e9 que apelidou de Jovem Guarda, o movimento chamava-se i\u00ea-i\u00ea-i\u00ea\u201d(document\u00e1rio: Jovem aos 50, 2017).<br>Nessa \u00e9poca, as vers\u00f5es continuavam sendo muito frequentes, mas tamb\u00e9m era cada vez mais comum m\u00fasicas autorais de sucesso como: Rua Augusta, Parei na contram\u00e3o (primeira parceria de Roberto e Erasmo), \u00c9 proibido fumar e Festa de arromba.<\/p>\n<\/div>\n\n\n\n<div class=\"wp-block-column is-layout-flow\">\n<figure class=\"wp-block-image size-full\"><img decoding=\"async\" loading=\"lazy\" width=\"476\" height=\"480\" src=\"http:\/\/rocket88.com.br\/wp-content\/uploads\/2024\/07\/beatles-ie-ie-ie-3.jpg\" alt=\"\" class=\"wp-image-29\"\/><figcaption class=\"wp-element-caption\">Disco &#8220;A Hard Day&#8217;s Night&#8221;, no Brasil lan\u00e7ado como &#8220;Reis do I\u00e9-i\u00e9-i\u00e9&#8221;<\/figcaption><\/figure>\n<\/div>\n<\/div>\n\n\n\n<h2 class=\"wp-block-heading\">O programa<\/h2>\n\n\n\n<p>Em 1965 a Tv Record teve um problema para resolver, a emissora foi impedida de transmitir os jogos de futebol do campeonato paulista aos domingos, os clubes alegavam que as transmiss\u00f5es diminu\u00edra a presen\u00e7a do p\u00fablico nos est\u00e1dios. Com um buraco na programa\u00e7\u00e3o, eles decidiram criar um programa de m\u00fasica jovem para ocupar o espa\u00e7o vago, anteriormente a emissora j\u00e1 tinha levado ao ar os programas Celly e Tony em Hi-Fi e Reino da Juventude(com Ant\u00f4nio Aguillar).<\/p>\n\n\n\n<p>Roberto, Erasmo e Wanderl\u00e9a n\u00e3o eram as primeiras op\u00e7\u00f5es para apresentar o programa. Primeiro pensaram em um casal, e Celly Campello foi o primeiro nome escolhido. Mesmo tendo abandonado a carreira ap\u00f3s se casar em 1962, a cantora continuava sendo popular; por\u00e9m, ela n\u00e3o aceitou o convite para retomar a carreira art\u00edstica. Outros nomes que fariam par com ela acabaram sendo descartados. O primeiro deles, S\u00e9rgio Murilo, que havia feito muito sucesso no fim dos anos 50 e come\u00e7o dos anos 60 com as m\u00fasicas Marcianita e Broto Legal. Tamb\u00e9m foram cogitados os nomes de Ronnie Cord (do sucesso \u201cRua Augusta\u201d) e de Dem\u00e9trius (do sucesso \u201cRitmo da chuva\u201d).<\/p>\n\n\n\n<p>Ap\u00f3s v\u00e1rios serem cogitados, chegaram ao nome de Erasmo Carlos. Na \u00e9poca Erasmo estava estourando nas r\u00e1dios com a m\u00fasica \u201cFesta de arromba\u201d. Ele foi chamado para conversar com a emissora e indicou para tamb\u00e9m apresentar o programa, o amigo Roberto Carlos.<\/p>\n\n\n\n<p>Depois de uma incurs\u00e3o mal sucedida pela bossa-nova, Roberto Carlos fez sucesso no Rio com Malena e Splish splash, e a partir de 1964 fez sucesso nacionalmente, emplacando um sucesso atr\u00e1s do outro, como: Parei na contram\u00e3o, O calhambeque, \u00c9 proibido fumar e Hist\u00f3ria de um homem mal.<\/p>\n\n\n\n<p>Ap\u00f3s um teste para ver como ele iria se sair no v\u00eddeo, a Record definiu que Roberto seria o principal apresentador, ao lado de Erasmo e uma cantora. A escolha ficou entre Rosemary e Wanderl\u00e9a. As duas foram bem nos testes de v\u00eddeo e h\u00e1 quem diga que o fato de Wanderl\u00e9a foi escolhida por ter m\u00fasicas mais agitadas que Rosemary, mas \u00e9 prov\u00e1vel que a amizade que ela tinha com Roberto Carlos tenha pesado na decis\u00e3o, os dois eram da mesma gravadora; a CBS.<\/p>\n\n\n\n<h2 class=\"wp-block-heading\">&#8220;Jovem Guarda&#8221;<\/h2>\n\n\n\n<p>O publicit\u00e1rio Carlito Maia, s\u00f3cio da ag\u00eancia de publicidade Magaldi, Maia &amp; Prosperi foi contratado para conseguir patrocinadores para o programa que a princ\u00edpio se chamaria, \u201cFesta de arromba\u201d. Ele n\u00e3o gostou do nome do programa e sugeriu o nome \u201cJovem Guarda\u201d, que de in\u00edcio n\u00e3o agradou muito o diretor da emissora, Paulinho Machado de Carvalho.<\/p>\n\n\n\n<p>H\u00e1, pelo menos, tr\u00eas vers\u00f5es para a origem do nome Jovem Guarda. Uma \u00e9 que a velha guarda representava os cantores dos anos 40 e 50, e a nova gera\u00e7\u00e3o, seria a jovem guarda. Uma segunda vers\u00e3o diz que o nome veio de uma coluna social do jornalista Ricardo Amaral, chamada &#8220;Jovem Guarda&#8221;, que focava na vida dos jovens da elite paulistana. Por fim, Carlito Maia, anos depois do fim do programa disse que tinha retirado de uma frase de Friedrich Engels, citada por Lenin em um discurso. No document\u00e1rio \u201cClose-up no rock brasileiro\u201d(1996) \u00e9 narrada a seguinte fala de Carlito Maia:<\/p>\n\n\n\n<blockquote class=\"wp-block-quote\">\n<p><\/p>\n<cite> Paulinho de Carvalho nos mostrou um v\u00eddeo de um cantor que era do Rio. Ele disse: &#8216;Ser\u00e1 o futuro apresentador do festa de arromba!&#8217;. O cara era sensacional, mas o nome do programa, horr\u00edvel. No outro dia veio a ideia, de uma frase de Lenin: &#8216;O futuro do socialismo repousa nos ombros da Jovem Guarda&#8217;.<\/cite><\/blockquote>\n\n\n\n<div class=\"wp-block-columns is-layout-flex wp-container-12\">\n<div class=\"wp-block-column is-layout-flow\">\n<p>Em entrevista ao historiador Paulo C\u00e9sar de Ara\u00fajo, Paulinho de Carvalho negou essa vers\u00e3o, mas seja como for, o nome foi aceito e faltava agora a busca por patrocinadores, e ent\u00e3o, nenhuma empresa na \u00e9poca se interessou em patrocinar o programa, o que chegou a coloc\u00e1-lo em risco. Roberto, Erasmo e Wanderl\u00e9a eram conhecidos pelo p\u00fablico jovem, mas n\u00e3o por empres\u00e1rios adultos, e ningu\u00e9m arriscou investir naquele programa.<\/p>\n\n\n\n<p>Sendo assim, a pr\u00f3pria ag\u00eancia de publicidade resolveu bancar o programa explorando produtos que seriam lan\u00e7ados com a marca \u201cCalhambeque\u201d.<\/p>\n<\/div>\n\n\n\n<div class=\"wp-block-column is-layout-flow\">\n<figure class=\"wp-block-image size-full\"><img decoding=\"async\" loading=\"lazy\" width=\"783\" height=\"536\" src=\"http:\/\/rocket88.com.br\/wp-content\/uploads\/2024\/07\/calhambeque.jpg\" alt=\"\" class=\"wp-image-31\"\/><\/figure>\n<\/div>\n<\/div>\n\n\n\n<h2 class=\"wp-block-heading\">Estreia<\/h2>\n\n\n\n<div class=\"wp-block-columns is-layout-flex wp-container-15\">\n<div class=\"wp-block-column is-layout-flow\">\n<p>No dia 22 de agosto de 1965, as 16:30 o programa era transmitido pela primeira vez. Al\u00e9m dos tr\u00eas apresentadores, estiveram na estreia: Rosemay, Tony Campello, Ronnie Cord, The Jet Blacks, The Rebels, e Regina C\u00e9lia(tamb\u00e9m conhecida como Regiane) . Ainda n\u00e3o existia transmiss\u00e3o ao vivo para todo o pa\u00eds, o programa era transmitido ao vivo em S\u00e3o Paulo e depois distribu\u00eddo por videotape para as outras cidades, at\u00e9 o final de 65 o programa chegava em outras capitais como: Rio de Janeiro, Belo Horizonte, Recife e Porto Alegre. Mais tarde o programa teve uma vers\u00e3o tamb\u00e9m transmitida ao vivo no Rio de Janeiro, chamado Rio Jovem Guarda.<\/p>\n<\/div>\n\n\n\n<div class=\"wp-block-column is-layout-flow\">\n<figure class=\"wp-block-image size-full\"><img decoding=\"async\" loading=\"lazy\" width=\"404\" height=\"373\" src=\"http:\/\/rocket88.com.br\/wp-content\/uploads\/2024\/07\/foto-1.jpg\" alt=\"\" class=\"wp-image-32\"\/><\/figure>\n<\/div>\n<\/div>\n\n\n\n<p>A popularidade do programa foi aumentando a cada semana e se tornou um fen\u00f4meno de audi\u00eancia. A rua da consola\u00e7\u00e3o todas as tardes de domingo era tomada por f\u00e3s que mesmo sem ingresso para entrar no teatro se aglomeravam na rua, reproduzindo cenas parecidas com a da beatlemania. Para sair do teatro, Roberto Carlos chegou a ter ajuda de um s\u00f3sia que sa\u00eda de carro antes dele para despistar as f\u00e3s. \u201cA rua da Consola\u00e7\u00e3o fechava, porque as meninas que n\u00e3o conseguiam entrar no teatro Record, no audit\u00f3rio, fechavam a rua\u201d, lembra o cantor Dem\u00e9trius (document\u00e1rio: Jovem aos 50, 2017)<\/p>\n\n\n\n<p>O auge do programa foi do in\u00edcio de 1966 at\u00e9 meados de 1967. N\u00e3o \u00e9 poss\u00edvel relacionar todos os que passaram pelo programa, mas al\u00e9m dos j\u00e1 citados, podemos relacionar alguns: Ary Sanches, Bobby de Carlo, Cleide Alves, Dem\u00e9trius, Deny e Dino, Ed Carlos, Ed Wilson, George Freedman, Golden Boys ,Leno e Lilian, Martinha, Meire Pav\u00e3o, Nilton C\u00e9sar, Os Vip, Prini Lorez, Renato e seus Blue Caps, S\u00e9rgio Reis, The Beverlys, The Fevers, The Jordans, Trio Esperan\u00e7a, Wanderley Cardoso, Waldirene. O programa impulsionava a venda dos discos dos artistas que se apresentavam l\u00e1 e tamb\u00e9m movimentava todo um mercado de produtos voltado para o p\u00fablico jovem como roupas, itens colecion\u00e1veis como bonecos, chaveiros, lancheiras e at\u00e9 um refrigerante. A maneira de apresentar o programa falando g\u00edrias, era algo in\u00e9dito na TV at\u00e9 ent\u00e3o, e ajudada a propagar as g\u00edrias entre os jovens.<\/p>\n\n\n\n<div class=\"wp-block-columns is-layout-flex wp-container-18\">\n<div class=\"wp-block-column is-layout-flow\">\n<p>Estar na vitrine do Jovem Guarda nem sempre era f\u00e1cil, alguns artistas de S\u00e3o Paulo reclamavam que tinham pouco espa\u00e7o e tamb\u00e9m os artistas que fizeram sucesso no per\u00edodo pr\u00e9-jovem n\u00e3o eram chamados com frequencia.<\/p>\n\n\n\n<p>Alguns foram se apresentar em outros programas concorrentes que surgiram, dentre eles, Excelsior a Go Go\u201d com Jerry Adriani e \u201cO Bom\u201d com Eduardo Ara\u00fajo na TV Excelsior. A pr\u00f3pria TV Record tinha outro programa que ia ao ar aos s\u00e1bados, \u201cO Pequeno Mundo de Ronnie Von\u201d.<\/p>\n<\/div>\n\n\n\n<div class=\"wp-block-column is-layout-flow\">\n<figure class=\"wp-block-image size-full\"><img decoding=\"async\" loading=\"lazy\" width=\"460\" height=\"379\" src=\"http:\/\/rocket88.com.br\/wp-content\/uploads\/2024\/07\/3585148109-programa-jovem-guarda-da-tv-record-1.jpg\" alt=\"\" class=\"wp-image-34\"\/><\/figure>\n<\/div>\n<\/div>\n\n\n\n<h2 class=\"wp-block-heading\">Fim<\/h2>\n\n\n\n<p>Roberto Carlos j\u00e1 procurava outros ares para sua carreira e deixou o programa se apresentando pela \u00faltima vez no dia 17 de janeiro de 1968. O programa continuou no ar com Erasmo Carlos e Wanderl\u00e9a. A Record ainda tentou salvar o programa promovendo algumas mudan\u00e7as, mas a audi\u00eancia continuou em queda at\u00e9 junho de 1968, o programa ia ao ar pela \u00faltima vez. Nesta \u00e9poca o programa era feito no teatro Paramount na avenida Brigadeiro, desde que um inc\u00eandio em 1967 destruiu o teatro Record. Os apresentadores s\u00f3 foram avisados no dia do \u00faltimo programa, mas, na pr\u00e1tica, eles sabiam que cedo ou tarde isso aconteceria.<\/p>\n\n\n\n<p>No livro \u201cHist\u00f3rias da Jovem Guarda\u201d Wanderl\u00e9a lembra:<\/p>\n\n\n\n<blockquote class=\"wp-block-quote\">\n<p><\/p>\n<cite>\u201cChorei muito o Eramos chorou muito. N\u00f3s j\u00e1 sab\u00edamos que o programa estava na UTI e que, a qualquer momento viria a ordem para desligar os aparelhos. Mas, no \u00edntimo, a gente esperava um milagre\u201d (Hist\u00f3rias da Jovem Guarda, p. 191)<\/cite><\/blockquote>\n\n\n\n<p>A Jovem Guarda era criticada por cantores da MPB por n\u00e3o se manifestar contra a ditadura militar, mas \u00e9 importante lembrar que desde o in\u00edcio do rock as letras falavam de romances, carr\u00f5es, festas e tamb\u00e9m rebeldia, mas rebeldia no comportamento e n\u00e3o na pol\u00edtica, e assim eram as coisas que a juventude queria ouvir na \u00e9poca e assim continuaram sendo as letras na \u00e9poca da jovem guarda.<\/p>\n\n\n\n<p>Diferente por exemplo, da tropic\u00e1lia, que j\u00e1 nasceu em um ambiente politizado. Caetano Veloso declarou:<\/p>\n\n\n\n<blockquote class=\"wp-block-quote\">\n<p><\/p>\n<cite>\u201cEles(Jovem Guarda) eram garotos ing\u00eanuos, despretensiosos intelectualmente e n\u00f3s vimos justamente de uma \u00e1rea que se cultivava consci\u00eancia pol\u00edtica, consci\u00eancia social, consci\u00eancia filos\u00f3fica e que fazia can\u00e7\u00f5es pretensiosas [..] nosso ambiente era assim\u201d(document\u00e1rio: Jovem aos 50, 2017)<\/cite><\/blockquote>\n\n\n\n<p>Com o ambiente cada vez mais conturbado no pa\u00eds, naturalmente aumentou o interesse dos jovens por m\u00fasicas de protestos e tamb\u00e9m foi um dos motivos do esgotamento da Jovem Guarda. \u201cO clima pol\u00edtico do pa\u00eds estava muito conturbado. As m\u00fasicas de protesto ganhavam for\u00e7a entre os jovens\u201d (Livro: Hist\u00f3rias da Jovem Guarda, p. 191)<\/p>\n\n\n\n<p>Mais tarde, a Jovem Guarda come\u00e7aria a ser chamada pela imprensa de movimento Jovem Guarda, embora nem os pr\u00f3prios integrantes enxergavam dessa maneira na \u00e9poca, at\u00e9 porque n\u00e3o existia um manifesto ou algo assim. Movimento ou n\u00e3o, o sucesso do programa marcou aquela gera\u00e7\u00e3o, escreveu um cap\u00edtulo da m\u00fasica brasileira e influenciou diversos artistas, tendo participa\u00e7\u00e3o inclusive no surgimento da tropic\u00e1lia. No document\u00e1rio \u201cJovem aos 50\u201d de 2017, Caetano Veloso conta que a ideia de se apresentar no festival da can\u00e7\u00e3o da Record em 1967, utilizando guitarras, veios de observa\u00e7\u00f5es da Jovem Guarda e dos Beatles, lembrando que at\u00e9 ent\u00e3o a guitarra el\u00e9trica n\u00e3o era aceita pela MPB.<\/p>\n\n\n\n<p>Adriana Calcanhotto, Bar\u00e3o Vermelho, Blitz, Engenheiros do Hawaii, L\u00e9o Jaime, Lulu Santos e Rita Lee est\u00e3o entre alguns dos muitos artistas que regravaram m\u00fasicas da Jovem Guarda, apresentando para outras gera\u00e7\u00f5es, m\u00fasicas de uma \u00e9poca que sempre ser\u00e1 lembrada.<\/p>\n\n\n\n<p><\/p>\n\n\n\n<p>Fontes:<\/p>\n\n\n\n<p>Livros:<br>Roberto Carlos Em Detalhes &#8211; Paulo Cesar Araujo<br>Hist\u00f3rias da Jovem Guarda &#8211;  Ant\u00f4nio Aguillar, D\u00e9bora Aguillar e Paulo Cesar Ribeiro<br>Jovem Guarda em ritmo de aventura &#8211; Marcelo Fr\u00f3es<br>Document\u00e1rios:<br>Close-up no rock brasileiro<br>Jovem aos 50 &#8211; S\u00e9rgio Baldassarini J\u00fanior<\/p>\n","protected":false},"excerpt":{"rendered":"<p>No dia 22\/08\/1965 entrava no ar na TV Record, o programa Jovem Guarda, que faria hist\u00f3ria na TV brasileira. Hoje \u00e9 comum dizer que artistas jovens dos anos 60 eram da \u201cJovem Guarda\u201d. Isso \u00e9 dito at\u00e9 sobre cantores que j\u00e1 tinham uma carreira antes<\/p>\n","protected":false},"author":1,"featured_media":32,"comment_status":"closed","ping_status":"closed","sticky":false,"template":"","format":"standard","meta":[],"categories":[5],"tags":[11,9,6,7,8,12,10],"_links":{"self":[{"href":"http:\/\/rocket88.com.br\/index.php\/wp-json\/wp\/v2\/posts\/26"}],"collection":[{"href":"http:\/\/rocket88.com.br\/index.php\/wp-json\/wp\/v2\/posts"}],"about":[{"href":"http:\/\/rocket88.com.br\/index.php\/wp-json\/wp\/v2\/types\/post"}],"author":[{"embeddable":true,"href":"http:\/\/rocket88.com.br\/index.php\/wp-json\/wp\/v2\/users\/1"}],"replies":[{"embeddable":true,"href":"http:\/\/rocket88.com.br\/index.php\/wp-json\/wp\/v2\/comments?post=26"}],"version-history":[{"count":4,"href":"http:\/\/rocket88.com.br\/index.php\/wp-json\/wp\/v2\/posts\/26\/revisions"}],"predecessor-version":[{"id":43,"href":"http:\/\/rocket88.com.br\/index.php\/wp-json\/wp\/v2\/posts\/26\/revisions\/43"}],"wp:featuredmedia":[{"embeddable":true,"href":"http:\/\/rocket88.com.br\/index.php\/wp-json\/wp\/v2\/media\/32"}],"wp:attachment":[{"href":"http:\/\/rocket88.com.br\/index.php\/wp-json\/wp\/v2\/media?parent=26"}],"wp:term":[{"taxonomy":"category","embeddable":true,"href":"http:\/\/rocket88.com.br\/index.php\/wp-json\/wp\/v2\/categories?post=26"},{"taxonomy":"post_tag","embeddable":true,"href":"http:\/\/rocket88.com.br\/index.php\/wp-json\/wp\/v2\/tags?post=26"}],"curies":[{"name":"wp","href":"https:\/\/api.w.org\/{rel}","templated":true}]}}